{"id":538,"date":"2021-03-10T18:59:19","date_gmt":"2021-03-10T18:59:19","guid":{"rendered":"http:\/\/pousadarichardrothe.com.br\/?p=538"},"modified":"2021-04-15T11:55:07","modified_gmt":"2021-04-15T11:55:07","slug":"semana-santa-procissoes-e-decoracao-de-tapetes-ornamentais","status":"publish","type":"post","link":"https:\/\/pousadarichardrothe.com.br\/en\/semana-santa-procissoes-e-decoracao-de-tapetes-ornamentais\/","title":{"rendered":"Semana Santa &#8211; Prociss\u00f5es e decora\u00e7\u00e3o de tapetes ornamentais"},"content":{"rendered":"<div class=\"wp-block-image\"><figure class=\"aligncenter size-large\"><img loading=\"lazy\" width=\"150\" height=\"100\" src=\"https:\/\/pousadarichardrothe.com.br\/wp-content\/uploads\/2021\/03\/eventos-semanasanta.jpg\" alt=\"\" class=\"wp-image-539\" srcset=\"https:\/\/pousadarichardrothe.com.br\/wp-content\/uploads\/2021\/03\/eventos-semanasanta.jpg 150w, https:\/\/pousadarichardrothe.com.br\/wp-content\/uploads\/2021\/03\/eventos-semanasanta-16x12.jpg 16w, https:\/\/pousadarichardrothe.com.br\/wp-content\/uploads\/2021\/03\/eventos-semanasanta-50x33.jpg 50w, https:\/\/pousadarichardrothe.com.br\/wp-content\/uploads\/2021\/03\/eventos-semanasanta-113x75.jpg 113w\" sizes=\"(max-width: 150px) 100vw, 150px\" \/><\/figure><\/div>\n\n\n\n<p>O evento religioso preserva tradi\u00e7\u00f5es centen\u00e1rias. Os passos espalhados pela cidade s\u00e3o abertos somente nessa \u00e9poca do ano, e servem para representar o calv\u00e1rio vivido por Jesus Cristo.&nbsp;As prociss\u00f5es passam pelas ruas e vielas da cidade comovendo quem \u00e0 acompanha.<\/p>","protected":false},"excerpt":{"rendered":"<p>O evento religioso preserva tradi\u00e7\u00f5es centen\u00e1rias. Os passos espalhados pela cidade s\u00e3o abertos somente nessa \u00e9poca do ano, e servem para representar o calv\u00e1rio vivido por<span class=\"excerpt-hellip\"> [\u2026]<\/span><\/p>","protected":false},"author":1,"featured_media":0,"comment_status":"closed","ping_status":"open","sticky":false,"template":"","format":"standard","meta":[],"categories":[7],"tags":[],"_links":{"self":[{"href":"https:\/\/pousadarichardrothe.com.br\/en\/wp-json\/wp\/v2\/posts\/538"}],"collection":[{"href":"https:\/\/pousadarichardrothe.com.br\/en\/wp-json\/wp\/v2\/posts"}],"about":[{"href":"https:\/\/pousadarichardrothe.com.br\/en\/wp-json\/wp\/v2\/types\/post"}],"author":[{"embeddable":true,"href":"https:\/\/pousadarichardrothe.com.br\/en\/wp-json\/wp\/v2\/users\/1"}],"replies":[{"embeddable":true,"href":"https:\/\/pousadarichardrothe.com.br\/en\/wp-json\/wp\/v2\/comments?post=538"}],"version-history":[{"count":2,"href":"https:\/\/pousadarichardrothe.com.br\/en\/wp-json\/wp\/v2\/posts\/538\/revisions"}],"predecessor-version":[{"id":1172,"href":"https:\/\/pousadarichardrothe.com.br\/en\/wp-json\/wp\/v2\/posts\/538\/revisions\/1172"}],"wp:attachment":[{"href":"https:\/\/pousadarichardrothe.com.br\/en\/wp-json\/wp\/v2\/media?parent=538"}],"wp:term":[{"taxonomy":"category","embeddable":true,"href":"https:\/\/pousadarichardrothe.com.br\/en\/wp-json\/wp\/v2\/categories?post=538"},{"taxonomy":"post_tag","embeddable":true,"href":"https:\/\/pousadarichardrothe.com.br\/en\/wp-json\/wp\/v2\/tags?post=538"}],"curies":[{"name":"wp","href":"https:\/\/api.w.org\/{rel}","templated":true}]}}